{"id":6160,"date":"2026-01-06T11:31:07","date_gmt":"2026-01-06T09:31:07","guid":{"rendered":"https:\/\/hansabuss.ee\/?p=6160"},"modified":"2026-04-15T11:41:35","modified_gmt":"2026-04-15T08:41:35","slug":"regionala-sabiedriska-transporta-brauksanas-maksas-tarifu-izmainas","status":"publish","type":"post","link":"https:\/\/hansabuss.ee\/lv\/regionala-sabiedriska-transporta-brauksanas-maksas-tarifu-izmainas\/","title":{"rendered":"Re\u0123ion\u0101l\u0101 sabiedrisk\u0101 transporta brauk\u0161anas maksas tarifu izmai\u0146as"},"content":{"rendered":"<section class=\"l-section wpb_row height_medium\"><div class=\"l-section-h i-cf\"><div class=\"g-cols vc_row via_flex valign_top type_default stacking_default\"><div class=\"vc_col-sm-12 wpb_column vc_column_container\"><div class=\"vc_column-inner\"><div class=\"wpb_wrapper\"><div class=\"wpb_text_column\"><div class=\"wpb_wrapper\"><p>\u0160\u012b gada 4. septembr\u012b Sabiedrisk\u0101 transporta padome (STP) apstiprin\u0101ja izmai\u0146as re\u0123ion\u0101l\u0101 sabiedrisk\u0101 transporta brauk\u0161anas maksas tarifos, kas st\u0101sies sp\u0113k\u0101 2026. gada 15. janv\u0101r\u012b.<\/p>\n<p>Izmai\u0146as re\u0123ion\u0101l\u0101 sabiedrisk\u0101 transporta brauk\u0161anas maksas tarifos ir sabalans\u0113tas, lai saglab\u0101tu pakalpojumu kvalit\u0101ti un nodro\u0161in\u0101tu finansi\u0101lu ilgtsp\u0113ju. Tarifu izmai\u0146as ir orient\u0113tas uz p\u0101rvad\u0101jumu att\u0101lumiem, \u0146emot v\u0113r\u0101 re\u0123ionu pieejam\u012bbu. Zonu sist\u0113m\u0101 maksa palielin\u0101sies par 0,30 EUR, savuk\u0101rt \u0101rpus zon\u0101m un gar\u0101kos braucienos pieaugums b\u016bs maz\u0101ks \u2013 0,20 EUR.<\/p>\n<p>Piem\u0113ri:<br \/>\nAutobusu p\u0101rvad\u0101jumi:<\/p>\n<p>Liep\u0101ja\u2013Grobi\u0146a: 1.00 \u20ac \u2192 1.20 \u20ac<br \/>\nR\u012bga\u2013Dubulti: 2.00 \u20ac \u2192 2.30 \u20ac<br \/>\nKombu\u013ci\u2013Kazanova: 0.70 \u20ac \u2192 0.90 \u20ac<br \/>\nR\u012bga \u2013 R\u0113zekne 11.70 \u20ac \u2192 11.90 \u20ac<br \/>\nLiep\u0101ja\u2013Grobi\u0146a: 1.00 \u20ac \u2192 1.20 \u20ac<br \/>\nAl\u016bksne \u2013 Balvi: 2.70 \u20ac \u2192 2.90 \u20ac<\/p>\n<p>Svar\u012bgi: Visas bi\u013cetes, kas ieg\u0101d\u0101tas l\u012bdz 14. janv\u0101rim, b\u016bs der\u012bgas l\u012bdz to termi\u0146a beig\u0101m, bet no 15. janv\u0101ra bi\u013cetes tiks p\u0101rdotas tikai p\u0113c jaun\u0101 tarifa.<\/p>\n<p>Abonementa bi\u013ce\u0161u pirc\u0113jiem atlaides paliek nemain\u012bgas ar\u012b p\u0113c tarifu izmai\u0146\u0101m. \u0160\u012b pieeja ir v\u0113rsta uz lojalit\u0101tes veicin\u0101\u0161anu, nodro\u0161inot, ka ikdienas pasa\u017eieri turpina sa\u0146emt izdev\u012bgus nosac\u012bjumus.<\/p>\n<p>Abonementa bi\u013cetes \u013cauj b\u016btiski ietaup\u012bt:<br \/>\n30 dienu bi\u013cete tiek apr\u0113\u0137in\u0101ta k\u0101 20 braucieni, bet atmaks\u0101jas jau p\u0113c 21. brauciena.<br \/>\nPieejamas ar\u012b 1, 3 un 5 dienu bi\u013cetes, k\u0101 ar\u012b braucienu skaita bi\u013cetes ar atlaid\u0113m l\u012bdz 20%.<\/p>\n<p>Vis\u0101m soci\u0101li aizsarg\u0101taj\u0101m pasa\u017eieru grup\u0101m brauk\u0161anas maksas atvieglojumi re\u0123ion\u0101lajos mar\u0161rutos saglab\u0101jas 100% apm\u0113r\u0101, un transporta izmanto\u0161anas k\u0101rt\u012bba nemain\u0101s.<\/p>\n<p>Atbilsto\u0161i STP l\u0113mumam brauk\u0161anas maksas tarifu p\u0101rskata regul\u0101ri ne ret\u0101k k\u0101 reizi gad\u0101, \u0146emot v\u0113r\u0101 uzkr\u0101to infl\u0101cijas l\u012bmeni un vid\u0113j\u0101s darba samaksas izmai\u0146as sal\u012bdzin\u0101jum\u0101 ar iepriek\u0161\u0113jo periodu.<\/p>\n<\/div><\/div><\/div><\/div><\/div><\/div><\/div><\/section>\n","protected":false},"excerpt":{"rendered":"\u0160\u012b gada 4. septembr\u012b Sabiedrisk\u0101 transporta padome (STP) apstiprin\u0101ja izmai\u0146as re\u0123ion\u0101l\u0101 sabiedrisk\u0101 transporta brauk\u0161anas maksas tarifos, kas st\u0101sies sp\u0113k\u0101 2026. gada 15. janv\u0101r\u012b. Izmai\u0146as re\u0123ion\u0101l\u0101 sabiedrisk\u0101 transporta brauk\u0161anas maksas tarifos ir sabalans\u0113tas, lai saglab\u0101tu pakalpojumu kvalit\u0101ti un nodro\u0161in\u0101tu finansi\u0101lu ilgtsp\u0113ju. Tarifu izmai\u0146as ir orient\u0113tas uz p\u0101rvad\u0101jumu att\u0101lumiem, \u0146emot v\u0113r\u0101 re\u0123ionu pieejam\u012bbu. Zonu sist\u0113m\u0101 maksa palielin\u0101sies...","protected":false},"author":6,"featured_media":6172,"comment_status":"closed","ping_status":"closed","sticky":false,"template":"","format":"standard","meta":{"_acf_changed":false,"footnotes":""},"categories":[55],"tags":[],"class_list":["post-6160","post","type-post","status-publish","format-standard","has-post-thumbnail","hentry","category-jaunumi"],"acf":[],"yoast_head":"<!-- This site is optimized with the Yoast SEO plugin v27.4 - https:\/\/yoast.com\/product\/yoast-seo-wordpress\/ -->\n<title>Re\u0123ion\u0101l\u0101 sabiedrisk\u0101 transporta brauk\u0161anas maksas tarifu izmai\u0146as - Hansabuss<\/title>\n<meta name=\"robots\" content=\"index, follow, max-snippet:-1, max-image-preview:large, max-video-preview:-1\" \/>\n<link rel=\"canonical\" href=\"https:\/\/hansabuss.ee\/lv\/regionala-sabiedriska-transporta-brauksanas-maksas-tarifu-izmainas\/\" \/>\n<meta property=\"og:locale\" content=\"lv_LV\" \/>\n<meta property=\"og:type\" content=\"article\" \/>\n<meta property=\"og:title\" content=\"Re\u0123ion\u0101l\u0101 sabiedrisk\u0101 transporta brauk\u0161anas maksas tarifu izmai\u0146as - Hansabuss\" \/>\n<meta property=\"og:url\" content=\"https:\/\/hansabuss.ee\/lv\/regionala-sabiedriska-transporta-brauksanas-maksas-tarifu-izmainas\/\" \/>\n<meta property=\"og:site_name\" content=\"Hansabuss\" \/>\n<meta property=\"article:publisher\" content=\"https:\/\/www.facebook.com\/Hansabuss\/\" \/>\n<meta property=\"article:published_time\" content=\"2026-01-06T09:31:07+00:00\" \/>\n<meta property=\"article:modified_time\" content=\"2026-04-15T08:41:35+00:00\" \/>\n<meta property=\"og:image\" content=\"https:\/\/hansabuss.ee\/wp-content\/uploads\/2026\/01\/blogide-kaanefoto.jpg\" \/>\n\t<meta property=\"og:image:width\" content=\"1000\" \/>\n\t<meta property=\"og:image:height\" content=\"1000\" \/>\n\t<meta property=\"og:image:type\" content=\"image\/jpeg\" \/>\n<meta name=\"author\" content=\"Turundus\" \/>\n<meta name=\"twitter:card\" content=\"summary_large_image\" \/>\n<meta name=\"twitter:label1\" content=\"Written by\" \/>\n\t<meta name=\"twitter:data1\" content=\"Turundus\" \/>\n\t<meta name=\"twitter:label2\" content=\"Est. reading time\" \/>\n\t<meta name=\"twitter:data2\" content=\"2 minutes\" \/>\n<script type=\"application\/ld+json\" class=\"yoast-schema-graph\">{\"@context\":\"https:\\\/\\\/schema.org\",\"@graph\":[{\"@type\":\"Article\",\"@id\":\"https:\\\/\\\/hansabuss.ee\\\/lv\\\/regionala-sabiedriska-transporta-brauksanas-maksas-tarifu-izmainas\\\/#article\",\"isPartOf\":{\"@id\":\"https:\\\/\\\/hansabuss.ee\\\/lv\\\/regionala-sabiedriska-transporta-brauksanas-maksas-tarifu-izmainas\\\/\"},\"author\":{\"name\":\"Turundus\",\"@id\":\"https:\\\/\\\/hansabuss.ee\\\/#\\\/schema\\\/person\\\/8561f4356130ada70ff51a23c41097cd\"},\"headline\":\"Re\u0123ion\u0101l\u0101 sabiedrisk\u0101 transporta brauk\u0161anas maksas tarifu izmai\u0146as\",\"datePublished\":\"2026-01-06T09:31:07+00:00\",\"dateModified\":\"2026-04-15T08:41:35+00:00\",\"mainEntityOfPage\":{\"@id\":\"https:\\\/\\\/hansabuss.ee\\\/lv\\\/regionala-sabiedriska-transporta-brauksanas-maksas-tarifu-izmainas\\\/\"},\"wordCount\":342,\"publisher\":{\"@id\":\"https:\\\/\\\/hansabuss.ee\\\/#organization\"},\"image\":{\"@id\":\"https:\\\/\\\/hansabuss.ee\\\/lv\\\/regionala-sabiedriska-transporta-brauksanas-maksas-tarifu-izmainas\\\/#primaryimage\"},\"thumbnailUrl\":\"https:\\\/\\\/hansabuss.ee\\\/wp-content\\\/uploads\\\/2026\\\/01\\\/blogide-kaanefoto.jpg\",\"articleSection\":[\"Jaunumi\"],\"inLanguage\":\"lv-LV\"},{\"@type\":\"WebPage\",\"@id\":\"https:\\\/\\\/hansabuss.ee\\\/lv\\\/regionala-sabiedriska-transporta-brauksanas-maksas-tarifu-izmainas\\\/\",\"url\":\"https:\\\/\\\/hansabuss.ee\\\/lv\\\/regionala-sabiedriska-transporta-brauksanas-maksas-tarifu-izmainas\\\/\",\"name\":\"Re\u0123ion\u0101l\u0101 sabiedrisk\u0101 transporta brauk\u0161anas maksas tarifu izmai\u0146as - Hansabuss\",\"isPartOf\":{\"@id\":\"https:\\\/\\\/hansabuss.ee\\\/#website\"},\"primaryImageOfPage\":{\"@id\":\"https:\\\/\\\/hansabuss.ee\\\/lv\\\/regionala-sabiedriska-transporta-brauksanas-maksas-tarifu-izmainas\\\/#primaryimage\"},\"image\":{\"@id\":\"https:\\\/\\\/hansabuss.ee\\\/lv\\\/regionala-sabiedriska-transporta-brauksanas-maksas-tarifu-izmainas\\\/#primaryimage\"},\"thumbnailUrl\":\"https:\\\/\\\/hansabuss.ee\\\/wp-content\\\/uploads\\\/2026\\\/01\\\/blogide-kaanefoto.jpg\",\"datePublished\":\"2026-01-06T09:31:07+00:00\",\"dateModified\":\"2026-04-15T08:41:35+00:00\",\"breadcrumb\":{\"@id\":\"https:\\\/\\\/hansabuss.ee\\\/lv\\\/regionala-sabiedriska-transporta-brauksanas-maksas-tarifu-izmainas\\\/#breadcrumb\"},\"inLanguage\":\"lv-LV\",\"potentialAction\":[{\"@type\":\"ReadAction\",\"target\":[\"https:\\\/\\\/hansabuss.ee\\\/lv\\\/regionala-sabiedriska-transporta-brauksanas-maksas-tarifu-izmainas\\\/\"]}]},{\"@type\":\"ImageObject\",\"inLanguage\":\"lv-LV\",\"@id\":\"https:\\\/\\\/hansabuss.ee\\\/lv\\\/regionala-sabiedriska-transporta-brauksanas-maksas-tarifu-izmainas\\\/#primaryimage\",\"url\":\"https:\\\/\\\/hansabuss.ee\\\/wp-content\\\/uploads\\\/2026\\\/01\\\/blogide-kaanefoto.jpg\",\"contentUrl\":\"https:\\\/\\\/hansabuss.ee\\\/wp-content\\\/uploads\\\/2026\\\/01\\\/blogide-kaanefoto.jpg\",\"width\":1000,\"height\":1000},{\"@type\":\"BreadcrumbList\",\"@id\":\"https:\\\/\\\/hansabuss.ee\\\/lv\\\/regionala-sabiedriska-transporta-brauksanas-maksas-tarifu-izmainas\\\/#breadcrumb\",\"itemListElement\":[{\"@type\":\"ListItem\",\"position\":1,\"name\":\"Home\",\"item\":\"https:\\\/\\\/hansabuss.ee\\\/lv\\\/\"},{\"@type\":\"ListItem\",\"position\":2,\"name\":\"Re\u0123ion\u0101l\u0101 sabiedrisk\u0101 transporta brauk\u0161anas maksas tarifu izmai\u0146as\"}]},{\"@type\":\"WebSite\",\"@id\":\"https:\\\/\\\/hansabuss.ee\\\/#website\",\"url\":\"https:\\\/\\\/hansabuss.ee\\\/\",\"name\":\"Hansabuss\",\"description\":\"\",\"publisher\":{\"@id\":\"https:\\\/\\\/hansabuss.ee\\\/#organization\"},\"potentialAction\":[{\"@type\":\"SearchAction\",\"target\":{\"@type\":\"EntryPoint\",\"urlTemplate\":\"https:\\\/\\\/hansabuss.ee\\\/?s={search_term_string}\"},\"query-input\":{\"@type\":\"PropertyValueSpecification\",\"valueRequired\":true,\"valueName\":\"search_term_string\"}}],\"inLanguage\":\"lv-LV\"},{\"@type\":\"Organization\",\"@id\":\"https:\\\/\\\/hansabuss.ee\\\/#organization\",\"name\":\"Hansabuss AS\",\"url\":\"https:\\\/\\\/hansabuss.ee\\\/\",\"logo\":{\"@type\":\"ImageObject\",\"inLanguage\":\"lv-LV\",\"@id\":\"https:\\\/\\\/hansabuss.ee\\\/#\\\/schema\\\/logo\\\/image\\\/\",\"url\":\"https:\\\/\\\/hansabuss.ee\\\/wp-content\\\/uploads\\\/2021\\\/03\\\/hansabuss-25-logo.svg\",\"contentUrl\":\"https:\\\/\\\/hansabuss.ee\\\/wp-content\\\/uploads\\\/2021\\\/03\\\/hansabuss-25-logo.svg\",\"width\":\"1200\",\"height\":\"630\",\"caption\":\"Hansabuss AS\"},\"image\":{\"@id\":\"https:\\\/\\\/hansabuss.ee\\\/#\\\/schema\\\/logo\\\/image\\\/\"},\"sameAs\":[\"https:\\\/\\\/www.facebook.com\\\/Hansabuss\\\/\",\"https:\\\/\\\/www.instagram.com\\\/hansabuss\\\/\",\"https:\\\/\\\/www.linkedin.com\\\/company\\\/hansabuss-as\"]},{\"@type\":\"Person\",\"@id\":\"https:\\\/\\\/hansabuss.ee\\\/#\\\/schema\\\/person\\\/8561f4356130ada70ff51a23c41097cd\",\"name\":\"Turundus\",\"image\":{\"@type\":\"ImageObject\",\"inLanguage\":\"lv-LV\",\"@id\":\"https:\\\/\\\/secure.gravatar.com\\\/avatar\\\/ba550c6d634479c6d7500a557faffb75c175be2ba54bca80c3f9e6c9e58039b9?s=96&d=mm&r=g\",\"url\":\"https:\\\/\\\/secure.gravatar.com\\\/avatar\\\/ba550c6d634479c6d7500a557faffb75c175be2ba54bca80c3f9e6c9e58039b9?s=96&d=mm&r=g\",\"contentUrl\":\"https:\\\/\\\/secure.gravatar.com\\\/avatar\\\/ba550c6d634479c6d7500a557faffb75c175be2ba54bca80c3f9e6c9e58039b9?s=96&d=mm&r=g\",\"caption\":\"Turundus\"},\"url\":\"https:\\\/\\\/hansabuss.ee\\\/lv\\\/author\\\/turundus\\\/\"}]}<\/script>\n<!-- \/ Yoast SEO plugin. -->","yoast_head_json":{"title":"Re\u0123ion\u0101l\u0101 sabiedrisk\u0101 transporta brauk\u0161anas maksas tarifu izmai\u0146as - Hansabuss","robots":{"index":"index","follow":"follow","max-snippet":"max-snippet:-1","max-image-preview":"max-image-preview:large","max-video-preview":"max-video-preview:-1"},"canonical":"https:\/\/hansabuss.ee\/lv\/regionala-sabiedriska-transporta-brauksanas-maksas-tarifu-izmainas\/","og_locale":"lv_LV","og_type":"article","og_title":"Re\u0123ion\u0101l\u0101 sabiedrisk\u0101 transporta brauk\u0161anas maksas tarifu izmai\u0146as - Hansabuss","og_url":"https:\/\/hansabuss.ee\/lv\/regionala-sabiedriska-transporta-brauksanas-maksas-tarifu-izmainas\/","og_site_name":"Hansabuss","article_publisher":"https:\/\/www.facebook.com\/Hansabuss\/","article_published_time":"2026-01-06T09:31:07+00:00","article_modified_time":"2026-04-15T08:41:35+00:00","og_image":[{"width":1000,"height":1000,"url":"https:\/\/hansabuss.ee\/wp-content\/uploads\/2026\/01\/blogide-kaanefoto.jpg","type":"image\/jpeg"}],"author":"Turundus","twitter_card":"summary_large_image","twitter_misc":{"Written by":"Turundus","Est. reading time":"2 minutes"},"schema":{"@context":"https:\/\/schema.org","@graph":[{"@type":"Article","@id":"https:\/\/hansabuss.ee\/lv\/regionala-sabiedriska-transporta-brauksanas-maksas-tarifu-izmainas\/#article","isPartOf":{"@id":"https:\/\/hansabuss.ee\/lv\/regionala-sabiedriska-transporta-brauksanas-maksas-tarifu-izmainas\/"},"author":{"name":"Turundus","@id":"https:\/\/hansabuss.ee\/#\/schema\/person\/8561f4356130ada70ff51a23c41097cd"},"headline":"Re\u0123ion\u0101l\u0101 sabiedrisk\u0101 transporta brauk\u0161anas maksas tarifu izmai\u0146as","datePublished":"2026-01-06T09:31:07+00:00","dateModified":"2026-04-15T08:41:35+00:00","mainEntityOfPage":{"@id":"https:\/\/hansabuss.ee\/lv\/regionala-sabiedriska-transporta-brauksanas-maksas-tarifu-izmainas\/"},"wordCount":342,"publisher":{"@id":"https:\/\/hansabuss.ee\/#organization"},"image":{"@id":"https:\/\/hansabuss.ee\/lv\/regionala-sabiedriska-transporta-brauksanas-maksas-tarifu-izmainas\/#primaryimage"},"thumbnailUrl":"https:\/\/hansabuss.ee\/wp-content\/uploads\/2026\/01\/blogide-kaanefoto.jpg","articleSection":["Jaunumi"],"inLanguage":"lv-LV"},{"@type":"WebPage","@id":"https:\/\/hansabuss.ee\/lv\/regionala-sabiedriska-transporta-brauksanas-maksas-tarifu-izmainas\/","url":"https:\/\/hansabuss.ee\/lv\/regionala-sabiedriska-transporta-brauksanas-maksas-tarifu-izmainas\/","name":"Re\u0123ion\u0101l\u0101 sabiedrisk\u0101 transporta brauk\u0161anas maksas tarifu izmai\u0146as - Hansabuss","isPartOf":{"@id":"https:\/\/hansabuss.ee\/#website"},"primaryImageOfPage":{"@id":"https:\/\/hansabuss.ee\/lv\/regionala-sabiedriska-transporta-brauksanas-maksas-tarifu-izmainas\/#primaryimage"},"image":{"@id":"https:\/\/hansabuss.ee\/lv\/regionala-sabiedriska-transporta-brauksanas-maksas-tarifu-izmainas\/#primaryimage"},"thumbnailUrl":"https:\/\/hansabuss.ee\/wp-content\/uploads\/2026\/01\/blogide-kaanefoto.jpg","datePublished":"2026-01-06T09:31:07+00:00","dateModified":"2026-04-15T08:41:35+00:00","breadcrumb":{"@id":"https:\/\/hansabuss.ee\/lv\/regionala-sabiedriska-transporta-brauksanas-maksas-tarifu-izmainas\/#breadcrumb"},"inLanguage":"lv-LV","potentialAction":[{"@type":"ReadAction","target":["https:\/\/hansabuss.ee\/lv\/regionala-sabiedriska-transporta-brauksanas-maksas-tarifu-izmainas\/"]}]},{"@type":"ImageObject","inLanguage":"lv-LV","@id":"https:\/\/hansabuss.ee\/lv\/regionala-sabiedriska-transporta-brauksanas-maksas-tarifu-izmainas\/#primaryimage","url":"https:\/\/hansabuss.ee\/wp-content\/uploads\/2026\/01\/blogide-kaanefoto.jpg","contentUrl":"https:\/\/hansabuss.ee\/wp-content\/uploads\/2026\/01\/blogide-kaanefoto.jpg","width":1000,"height":1000},{"@type":"BreadcrumbList","@id":"https:\/\/hansabuss.ee\/lv\/regionala-sabiedriska-transporta-brauksanas-maksas-tarifu-izmainas\/#breadcrumb","itemListElement":[{"@type":"ListItem","position":1,"name":"Home","item":"https:\/\/hansabuss.ee\/lv\/"},{"@type":"ListItem","position":2,"name":"Re\u0123ion\u0101l\u0101 sabiedrisk\u0101 transporta brauk\u0161anas maksas tarifu izmai\u0146as"}]},{"@type":"WebSite","@id":"https:\/\/hansabuss.ee\/#website","url":"https:\/\/hansabuss.ee\/","name":"Hansabuss","description":"","publisher":{"@id":"https:\/\/hansabuss.ee\/#organization"},"potentialAction":[{"@type":"SearchAction","target":{"@type":"EntryPoint","urlTemplate":"https:\/\/hansabuss.ee\/?s={search_term_string}"},"query-input":{"@type":"PropertyValueSpecification","valueRequired":true,"valueName":"search_term_string"}}],"inLanguage":"lv-LV"},{"@type":"Organization","@id":"https:\/\/hansabuss.ee\/#organization","name":"Hansabuss AS","url":"https:\/\/hansabuss.ee\/","logo":{"@type":"ImageObject","inLanguage":"lv-LV","@id":"https:\/\/hansabuss.ee\/#\/schema\/logo\/image\/","url":"https:\/\/hansabuss.ee\/wp-content\/uploads\/2021\/03\/hansabuss-25-logo.svg","contentUrl":"https:\/\/hansabuss.ee\/wp-content\/uploads\/2021\/03\/hansabuss-25-logo.svg","width":"1200","height":"630","caption":"Hansabuss AS"},"image":{"@id":"https:\/\/hansabuss.ee\/#\/schema\/logo\/image\/"},"sameAs":["https:\/\/www.facebook.com\/Hansabuss\/","https:\/\/www.instagram.com\/hansabuss\/","https:\/\/www.linkedin.com\/company\/hansabuss-as"]},{"@type":"Person","@id":"https:\/\/hansabuss.ee\/#\/schema\/person\/8561f4356130ada70ff51a23c41097cd","name":"Turundus","image":{"@type":"ImageObject","inLanguage":"lv-LV","@id":"https:\/\/secure.gravatar.com\/avatar\/ba550c6d634479c6d7500a557faffb75c175be2ba54bca80c3f9e6c9e58039b9?s=96&d=mm&r=g","url":"https:\/\/secure.gravatar.com\/avatar\/ba550c6d634479c6d7500a557faffb75c175be2ba54bca80c3f9e6c9e58039b9?s=96&d=mm&r=g","contentUrl":"https:\/\/secure.gravatar.com\/avatar\/ba550c6d634479c6d7500a557faffb75c175be2ba54bca80c3f9e6c9e58039b9?s=96&d=mm&r=g","caption":"Turundus"},"url":"https:\/\/hansabuss.ee\/lv\/author\/turundus\/"}]}},"_links":{"self":[{"href":"https:\/\/hansabuss.ee\/lv\/wp-json\/wp\/v2\/posts\/6160","targetHints":{"allow":["GET"]}}],"collection":[{"href":"https:\/\/hansabuss.ee\/lv\/wp-json\/wp\/v2\/posts"}],"about":[{"href":"https:\/\/hansabuss.ee\/lv\/wp-json\/wp\/v2\/types\/post"}],"author":[{"embeddable":true,"href":"https:\/\/hansabuss.ee\/lv\/wp-json\/wp\/v2\/users\/6"}],"replies":[{"embeddable":true,"href":"https:\/\/hansabuss.ee\/lv\/wp-json\/wp\/v2\/comments?post=6160"}],"version-history":[{"count":0,"href":"https:\/\/hansabuss.ee\/lv\/wp-json\/wp\/v2\/posts\/6160\/revisions"}],"wp:featuredmedia":[{"embeddable":true,"href":"https:\/\/hansabuss.ee\/lv\/wp-json\/wp\/v2\/media\/6172"}],"wp:attachment":[{"href":"https:\/\/hansabuss.ee\/lv\/wp-json\/wp\/v2\/media?parent=6160"}],"wp:term":[{"taxonomy":"category","embeddable":true,"href":"https:\/\/hansabuss.ee\/lv\/wp-json\/wp\/v2\/categories?post=6160"},{"taxonomy":"post_tag","embeddable":true,"href":"https:\/\/hansabuss.ee\/lv\/wp-json\/wp\/v2\/tags?post=6160"}],"curies":[{"name":"wp","href":"https:\/\/api.w.org\/{rel}","templated":true}]}}